{"id":8583,"date":"2022-06-24T20:27:11","date_gmt":"2022-06-24T20:27:11","guid":{"rendered":"http:\/\/colegioapumanque.cl\/apumanque\/?p=8583"},"modified":"2022-06-24T20:27:11","modified_gmt":"2022-06-24T20:27:11","slug":"isabelle-nuestra-campeona-nacional-ajedrez-representara-chile-uruguay","status":"publish","type":"post","link":"http:\/\/colegioapumanque.cl\/apumanque\/isabelle-nuestra-campeona-nacional-ajedrez-representara-chile-uruguay\/","title":{"rendered":"\u00a1Vamos Isabelle! Nuestra Campeona Nacional  de Ajedrez representar\u00e1 a Chile en Uruguay"},"content":{"rendered":"<p style=\"font-weight: 400;\">Con mucho entusiasmo y desde ya dese\u00e1ndole mucho \u00e9xito, informamos a toda la Comunidad Apumanquina que nuestra querida alumna de 3\u00b0 B\u00e1sico Manque, Isabelle Fern\u00e1ndez Tejada, representar\u00e1 a todo Chile en su calidad de Campeona Nacional de Ajedrez Sub-8 en los Panamericanos de esta especialidad, a disputarse en la localidad de Montevideo, Uruguay, a partir del 25 de junio hasta el 2 de julio.<\/p>\n<p style=\"font-weight: 400;\">Recordemos que Isabelle consigui\u00f3 este derecho gracias a su impecable actuaci\u00f3n en enero pasado en el certamen nacional disputado en el Gimnasio Polideportivo del Centro Integral del Deporte de San Ram\u00f3n, en la Regi\u00f3n Metropolitana, organizado por la Federaci\u00f3n Deportiva Nacional Ajedrez Federado de Chile (AJEFECH).<\/p>\n<p style=\"font-weight: 400;\">Como Colegio estamos muy orgullosos de sus logros y le deseamos lo mejor en este nuevo desaf\u00edo de car\u00e1cter internacional.<\/p>\n<p style=\"font-weight: 400;\">\u00a1Felicidades y mucho \u00e9xito!<\/p>\n","protected":false},"excerpt":{"rendered":"<p>Con mucho entusiasmo y desde ya dese\u00e1ndole mucho \u00e9xito, informamos a toda la Comunidad Apumanquina que nuestra querida alumna de 3\u00b0 B\u00e1sico Manque, Isabelle Fern\u00e1ndez Tejada, representar\u00e1 a todo Chile en su calidad de Campeona Nacional de Ajedrez Sub-8 en <\/p>\n","protected":false},"author":1,"featured_media":8584,"comment_status":"closed","ping_status":"closed","sticky":false,"template":"","format":"standard","meta":[],"categories":[96],"tags":[],"_links":{"self":[{"href":"http:\/\/colegioapumanque.cl\/apumanque\/wp-json\/wp\/v2\/posts\/8583"}],"collection":[{"href":"http:\/\/colegioapumanque.cl\/apumanque\/wp-json\/wp\/v2\/posts"}],"about":[{"href":"http:\/\/colegioapumanque.cl\/apumanque\/wp-json\/wp\/v2\/types\/post"}],"author":[{"embeddable":true,"href":"http:\/\/colegioapumanque.cl\/apumanque\/wp-json\/wp\/v2\/users\/1"}],"replies":[{"embeddable":true,"href":"http:\/\/colegioapumanque.cl\/apumanque\/wp-json\/wp\/v2\/comments?post=8583"}],"version-history":[{"count":2,"href":"http:\/\/colegioapumanque.cl\/apumanque\/wp-json\/wp\/v2\/posts\/8583\/revisions"}],"predecessor-version":[{"id":8590,"href":"http:\/\/colegioapumanque.cl\/apumanque\/wp-json\/wp\/v2\/posts\/8583\/revisions\/8590"}],"wp:featuredmedia":[{"embeddable":true,"href":"http:\/\/colegioapumanque.cl\/apumanque\/wp-json\/wp\/v2\/media\/8584"}],"wp:attachment":[{"href":"http:\/\/colegioapumanque.cl\/apumanque\/wp-json\/wp\/v2\/media?parent=8583"}],"wp:term":[{"taxonomy":"category","embeddable":true,"href":"http:\/\/colegioapumanque.cl\/apumanque\/wp-json\/wp\/v2\/categories?post=8583"},{"taxonomy":"post_tag","embeddable":true,"href":"http:\/\/colegioapumanque.cl\/apumanque\/wp-json\/wp\/v2\/tags?post=8583"}],"curies":[{"name":"wp","href":"https:\/\/api.w.org\/{rel}","templated":true}]}}