{"id":8658,"date":"2022-09-22T15:45:32","date_gmt":"2022-09-22T15:45:32","guid":{"rendered":"https:\/\/colegioapumanque.cl\/apumanque\/?p=8658"},"modified":"2022-09-22T15:45:35","modified_gmt":"2022-09-22T15:45:35","slug":"impecable","status":"publish","type":"post","link":"http:\/\/colegioapumanque.cl\/apumanque\/impecable\/","title":{"rendered":"\u00a1IMPECABLE!"},"content":{"rendered":"\n<p><em>Nuestra banda de guerra se luci\u00f3 en Fiestas Patrias.<\/em><\/p>\n\n\n\n<p>Una exitosa presentaci\u00f3n realiz\u00f3 la banda de guerra de nuestro Colegio Apumanque, en contexto del tradicional desfile de Fiestas Patrias que se llev\u00f3 a cabo el pasado 14 de septiembre desde las 10 de la ma\u00f1ana en Avenida Zumaeta de La Calera.<\/p>\n\n\n\n<p>El rol del conjunto fue de vital importancia, ya que a su comp\u00e1s no solo desfilaron nuestros alumnos, sino que, por casi 15 minutos, la m\u00fasica acompa\u00f1\u00f3 el pasar de estudiantes de otros establecimientos, recibiendo merecid\u00edsimos aplausos y el afecto de sus familiares al finalizar su actuaci\u00f3n.<\/p>\n\n\n\n<h2 class=\"wp-block-heading\">REVISA AQU\u00cd EL DESFILE<\/h2>\n\n\n\n<figure class=\"wp-block-embed is-type-video is-provider-youtube wp-block-embed-youtube wp-embed-aspect-16-9 wp-has-aspect-ratio\"><div class=\"wp-block-embed__wrapper\">\n<iframe loading=\"lazy\" title=\"Banda de guerra Colegio Apumanque La Calera\" width=\"640\" height=\"360\" src=\"https:\/\/www.youtube.com\/embed\/AQOM9WUrXWw?feature=oembed\" frameborder=\"0\" allow=\"accelerometer; autoplay; clipboard-write; encrypted-media; gyroscope; picture-in-picture\" allowfullscreen><\/iframe>\n<\/div><\/figure>\n","protected":false},"excerpt":{"rendered":"<p>\nNuestra banda de guerra se luci\u00f3 en Fiestas Patrias.<\/p>\n<p>Una exitosa presentaci\u00f3n realiz\u00f3 la banda de guerra de nuestro Colegio Apumanque, en contexto del tradicional desfile de Fiestas Patrias que se llev\u00f3 a cabo el pasado <\/p>\n","protected":false},"author":1,"featured_media":8661,"comment_status":"closed","ping_status":"closed","sticky":false,"template":"","format":"standard","meta":[],"categories":[96],"tags":[],"_links":{"self":[{"href":"http:\/\/colegioapumanque.cl\/apumanque\/wp-json\/wp\/v2\/posts\/8658"}],"collection":[{"href":"http:\/\/colegioapumanque.cl\/apumanque\/wp-json\/wp\/v2\/posts"}],"about":[{"href":"http:\/\/colegioapumanque.cl\/apumanque\/wp-json\/wp\/v2\/types\/post"}],"author":[{"embeddable":true,"href":"http:\/\/colegioapumanque.cl\/apumanque\/wp-json\/wp\/v2\/users\/1"}],"replies":[{"embeddable":true,"href":"http:\/\/colegioapumanque.cl\/apumanque\/wp-json\/wp\/v2\/comments?post=8658"}],"version-history":[{"count":2,"href":"http:\/\/colegioapumanque.cl\/apumanque\/wp-json\/wp\/v2\/posts\/8658\/revisions"}],"predecessor-version":[{"id":8660,"href":"http:\/\/colegioapumanque.cl\/apumanque\/wp-json\/wp\/v2\/posts\/8658\/revisions\/8660"}],"wp:featuredmedia":[{"embeddable":true,"href":"http:\/\/colegioapumanque.cl\/apumanque\/wp-json\/wp\/v2\/media\/8661"}],"wp:attachment":[{"href":"http:\/\/colegioapumanque.cl\/apumanque\/wp-json\/wp\/v2\/media?parent=8658"}],"wp:term":[{"taxonomy":"category","embeddable":true,"href":"http:\/\/colegioapumanque.cl\/apumanque\/wp-json\/wp\/v2\/categories?post=8658"},{"taxonomy":"post_tag","embeddable":true,"href":"http:\/\/colegioapumanque.cl\/apumanque\/wp-json\/wp\/v2\/tags?post=8658"}],"curies":[{"name":"wp","href":"https:\/\/api.w.org\/{rel}","templated":true}]}}