{"id":8785,"date":"2023-02-27T18:16:15","date_gmt":"2023-02-27T18:16:15","guid":{"rendered":"http:\/\/colegioapumanque.cl\/apumanque\/?p=8785"},"modified":"2023-02-27T20:12:48","modified_gmt":"2023-02-27T20:12:48","slug":"problemas-linea-telefonica","status":"publish","type":"post","link":"http:\/\/colegioapumanque.cl\/apumanque\/problemas-linea-telefonica\/","title":{"rendered":"Problemas con l\u00ednea telef\u00f3nica"},"content":{"rendered":"<div id=\"pl-8785\"  class=\"panel-layout\" ><div id=\"pg-8785-0\"  class=\"panel-grid panel-no-style\" ><div id=\"pgc-8785-0-0\"  class=\"panel-grid-cell\" ><div id=\"panel-8785-0-0-0\" class=\"so-panel widget widget_text panel-first-child panel-last-child\" data-index=\"0\" ><h3 class=\"widget-title\">Problemas con l\u00ednea telef\u00f3nica<\/h3>\t\t\t<div class=\"textwidget\"><p style=\"font-weight: 400;\">Estimados Padres y Apoderados, junto con saludar y esperando que se encuentren bien, les debo informar que el Colegio se mantendr\u00e1 sin l\u00ednea telef\u00f3nica por algunos d\u00edas en virtud de un evento de robo de cables. La compa\u00f1\u00eda tardar\u00e1 un n\u00famero indeterminado de d\u00edas en restablecer el servicio.<\/p>\n<p style=\"font-weight: 400;\">Ahora bien, para que se puedan comunicar con nosotros se ha habilitado el siguiente n\u00famero telef\u00f3nico +56926497888. De igual manera, les invitamos a revisar vuestro correo, nuestra p\u00e1gina web\u00a0<a href=\"http:\/\/www.colegioapumanque.cl\/\" data-saferedirecturl=\"https:\/\/www.google.com\/url?q=http:\/\/www.colegioapumanque.cl&amp;source=gmail&amp;ust=1677607307387000&amp;usg=AOvVaw0n5X6lTwH73XhjzuqACscD\">www.colegioapumanque.cl<\/a> o nuestro Instagram @colegio.apumanque, pues por esos medios se les har\u00e1 llegar informaci\u00f3n relevante.<\/p>\n<p style=\"font-weight: 400;\">\n<p style=\"font-weight: 400;\">Saludos cordiales<\/p>\n<p style=\"font-weight: 400;\">\n<p style=\"font-weight: 400;\"><strong>COLEGIO APUMANQUE<\/strong><\/p>\n<\/div>\n\t\t<\/div><\/div><\/div><\/div>","protected":false},"excerpt":{"rendered":"<p>Estimados Padres y Apoderados, junto con saludar y esperando que se encuentren bien, les debo informar que el Colegio se mantendr\u00e1 sin l\u00ednea telef\u00f3nica por algunos d\u00edas en virtud de un evento de robo de cables. La compa\u00f1\u00eda tardar\u00e1 un [&hellip;]<\/p>\n","protected":false},"author":1,"featured_media":8792,"comment_status":"closed","ping_status":"closed","sticky":false,"template":"","format":"standard","meta":[],"categories":[96],"tags":[],"_links":{"self":[{"href":"http:\/\/colegioapumanque.cl\/apumanque\/wp-json\/wp\/v2\/posts\/8785"}],"collection":[{"href":"http:\/\/colegioapumanque.cl\/apumanque\/wp-json\/wp\/v2\/posts"}],"about":[{"href":"http:\/\/colegioapumanque.cl\/apumanque\/wp-json\/wp\/v2\/types\/post"}],"author":[{"embeddable":true,"href":"http:\/\/colegioapumanque.cl\/apumanque\/wp-json\/wp\/v2\/users\/1"}],"replies":[{"embeddable":true,"href":"http:\/\/colegioapumanque.cl\/apumanque\/wp-json\/wp\/v2\/comments?post=8785"}],"version-history":[{"count":5,"href":"http:\/\/colegioapumanque.cl\/apumanque\/wp-json\/wp\/v2\/posts\/8785\/revisions"}],"predecessor-version":[{"id":8793,"href":"http:\/\/colegioapumanque.cl\/apumanque\/wp-json\/wp\/v2\/posts\/8785\/revisions\/8793"}],"wp:featuredmedia":[{"embeddable":true,"href":"http:\/\/colegioapumanque.cl\/apumanque\/wp-json\/wp\/v2\/media\/8792"}],"wp:attachment":[{"href":"http:\/\/colegioapumanque.cl\/apumanque\/wp-json\/wp\/v2\/media?parent=8785"}],"wp:term":[{"taxonomy":"category","embeddable":true,"href":"http:\/\/colegioapumanque.cl\/apumanque\/wp-json\/wp\/v2\/categories?post=8785"},{"taxonomy":"post_tag","embeddable":true,"href":"http:\/\/colegioapumanque.cl\/apumanque\/wp-json\/wp\/v2\/tags?post=8785"}],"curies":[{"name":"wp","href":"https:\/\/api.w.org\/{rel}","templated":true}]}}