{"id":8796,"date":"2023-02-28T18:58:14","date_gmt":"2023-02-28T18:58:14","guid":{"rendered":"https:\/\/colegioapumanque.cl\/apumanque\/?p=8796"},"modified":"2023-02-28T19:31:18","modified_gmt":"2023-02-28T19:31:18","slug":"conoce-horario-del-retorno-clases-curso","status":"publish","type":"post","link":"http:\/\/colegioapumanque.cl\/apumanque\/conoce-horario-del-retorno-clases-curso\/","title":{"rendered":"Conoce el horario del retorno a clases de tu curso"},"content":{"rendered":"<p>\u00a1Hola a todos! Esperamos que hayan disfrutado de sus vacaciones para recargar las energ\u00edas de un nuevo a\u00f1o escolar. Este viernes 3 de marzo se concreta el retorno a clases, y en Colegio Apumanque te entregamos a continuaci\u00f3n el horario en que los diferentes cursos har\u00e1n sus ingresos a este periodo 2023:<\/p>\n<p>DE 8:30 A 10:45 HORAS:\u00a0 \u00a0 \u00a0 \u00a0 <strong>1\u00ba A 4\u00ba \u00a0MEDIO<\/strong><\/p>\n<p>DE 9:00 A 10:00 HORAS\u00a0 \u00a0 \u00a0 \u00a0 \u00a0<strong>PREKINDER MANQUE y KINDER MANQUE<\/strong><\/p>\n<p>DE 10:00 A 11:45 HORAS:\u00a0 \u00a0 \u00a0 <strong>4\u00ba- 5\u00ba- 6\u00ba- 7- 8\u00ba B\u00c1SICOS<\/strong><\/p>\n<p>DE 11:00 A 12:30 HORAS:\u00a0 \u00a0 \u00a0 <strong>1\u00ba- 2\u00ba Y 3\u00ba B\u00c1SICOS<\/strong><\/p>\n<p>DE 11:30 A 12: 30 HORAS:\u00a0 \u00a0 <strong>PREKINDER NAHUEL y KINDER NAHUEL<\/strong><\/p>\n<p>Sin otro particular, saludos cordiales y nos vemos en nuestras dependencias.<\/p>\n","protected":false},"excerpt":{"rendered":"<p>\u00a1Hola a todos! Esperamos que hayan disfrutado de sus vacaciones para recargar las energ\u00edas de un nuevo a\u00f1o escolar. Este viernes 3 de marzo se concreta el retorno a clases, y en Colegio Apumanque te entregamos a continuaci\u00f3n el horario <\/p>\n","protected":false},"author":1,"featured_media":8797,"comment_status":"closed","ping_status":"closed","sticky":false,"template":"","format":"standard","meta":[],"categories":[96],"tags":[],"_links":{"self":[{"href":"http:\/\/colegioapumanque.cl\/apumanque\/wp-json\/wp\/v2\/posts\/8796"}],"collection":[{"href":"http:\/\/colegioapumanque.cl\/apumanque\/wp-json\/wp\/v2\/posts"}],"about":[{"href":"http:\/\/colegioapumanque.cl\/apumanque\/wp-json\/wp\/v2\/types\/post"}],"author":[{"embeddable":true,"href":"http:\/\/colegioapumanque.cl\/apumanque\/wp-json\/wp\/v2\/users\/1"}],"replies":[{"embeddable":true,"href":"http:\/\/colegioapumanque.cl\/apumanque\/wp-json\/wp\/v2\/comments?post=8796"}],"version-history":[{"count":5,"href":"http:\/\/colegioapumanque.cl\/apumanque\/wp-json\/wp\/v2\/posts\/8796\/revisions"}],"predecessor-version":[{"id":8807,"href":"http:\/\/colegioapumanque.cl\/apumanque\/wp-json\/wp\/v2\/posts\/8796\/revisions\/8807"}],"wp:featuredmedia":[{"embeddable":true,"href":"http:\/\/colegioapumanque.cl\/apumanque\/wp-json\/wp\/v2\/media\/8797"}],"wp:attachment":[{"href":"http:\/\/colegioapumanque.cl\/apumanque\/wp-json\/wp\/v2\/media?parent=8796"}],"wp:term":[{"taxonomy":"category","embeddable":true,"href":"http:\/\/colegioapumanque.cl\/apumanque\/wp-json\/wp\/v2\/categories?post=8796"},{"taxonomy":"post_tag","embeddable":true,"href":"http:\/\/colegioapumanque.cl\/apumanque\/wp-json\/wp\/v2\/tags?post=8796"}],"curies":[{"name":"wp","href":"https:\/\/api.w.org\/{rel}","templated":true}]}}