{"id":8808,"date":"2023-03-03T19:39:40","date_gmt":"2023-03-03T19:39:40","guid":{"rendered":"http:\/\/colegioapumanque.cl\/apumanque\/?p=8808"},"modified":"2023-03-03T19:39:40","modified_gmt":"2023-03-03T19:39:40","slug":"horario-salida-proxima-semana","status":"publish","type":"post","link":"http:\/\/colegioapumanque.cl\/apumanque\/horario-salida-proxima-semana\/","title":{"rendered":"Horario de salida pr\u00f3xima semana"},"content":{"rendered":"<div id=\"pl-8808\"  class=\"panel-layout\" ><div id=\"pg-8808-0\"  class=\"panel-grid panel-no-style\" ><div id=\"pgc-8808-0-0\"  class=\"panel-grid-cell\" ><div id=\"panel-8808-0-0-0\" class=\"so-panel widget widget_text panel-first-child panel-last-child\" data-index=\"0\" >\t\t\t<div class=\"textwidget\"><p style=\"font-weight: 400;\">Estimadas familias, junto con saludarles y esperando que se encuentren bien, queremos entregar un cari\u00f1oso saludo de bienvenida y deseos de que este a\u00f1o 2023 sea un gran a\u00f1o, en donde nuestros estudiantes tengan oportunidades de crecimiento, de bienestar, de nuevas y enriquecedoras experiencias.<\/p>\n<p style=\"font-weight: 400;\">De forma especial, saludamos a los estudiantes de 4\u00b0 A\u00f1o de Ense\u00f1anza Media que inician su \u00faltimo a\u00f1o escolar y esperamos que puedan aprovechar todas las instancias que les permitan avanzar en sus aprendizajes y desde ah\u00ed cumplir todas sus metas. En el mismo sentido, saludamos a los estudiantes m\u00e1s peque\u00f1os y a sus familias, a quienes ingresaron a Pre-K\u00ednder, que reci\u00e9n inician su recorrido acad\u00e9mico y formativo. Por \u00faltimo, a quienes se incorporan este a\u00f1o, les invitamos a integrarse y a participar en esta comunidad educativa.<\/p>\n<p style=\"font-weight: 400;\">Ahora bien, pensando en tener un inicio seguro y ordenado, solicitamos considerar lo siguiente:<\/p>\n<p>a)Ajustarse a los horarios de ingreso y salida<\/p>\n<p><strong>b)<\/strong><strong>Hasta el viernes 17 de marzo los estudiantes de 1\u00b0 B\u00e1sico a 4\u00b0 A\u00f1o de Ense\u00f1anza Media tendr\u00e1n clases solo durante la jornada de la ma\u00f1ana<\/strong><\/p>\n<p>c)El tr\u00e1nsito vehicular fuera del Colegio debe ser responsable y respetuoso de las normas de buena convivencia y comportamiento vial.<\/p>\n<p>d)Recordamos la importancia de hacer uso siempre de los canales formales de comunicaci\u00f3n y de respetar los respectivos conductos regulares<\/p>\n<p style=\"font-weight: 400;\">\n<p style=\"font-weight: 400;\">En definitiva, reiterando nuestros buenos deseos, se despide cordialmente,<\/p>\n<p style=\"font-weight: 400;\"><strong>\u00a0<\/strong><\/p>\n<p style=\"font-weight: 400;\"><strong>COLEGIO APUMANQUE<\/strong><\/p>\n<\/div>\n\t\t<\/div><\/div><\/div><\/div>","protected":false},"excerpt":{"rendered":"<p>Estimadas familias, junto con saludarles y esperando que se encuentren bien, queremos entregar un cari\u00f1oso saludo de bienvenida y deseos de que este a\u00f1o 2023 sea un gran a\u00f1o, en donde nuestros estudiantes tengan oportunidades de crecimiento, de bienestar, de [&hellip;]<\/p>\n","protected":false},"author":1,"featured_media":7827,"comment_status":"closed","ping_status":"closed","sticky":false,"template":"","format":"standard","meta":[],"categories":[96],"tags":[],"_links":{"self":[{"href":"http:\/\/colegioapumanque.cl\/apumanque\/wp-json\/wp\/v2\/posts\/8808"}],"collection":[{"href":"http:\/\/colegioapumanque.cl\/apumanque\/wp-json\/wp\/v2\/posts"}],"about":[{"href":"http:\/\/colegioapumanque.cl\/apumanque\/wp-json\/wp\/v2\/types\/post"}],"author":[{"embeddable":true,"href":"http:\/\/colegioapumanque.cl\/apumanque\/wp-json\/wp\/v2\/users\/1"}],"replies":[{"embeddable":true,"href":"http:\/\/colegioapumanque.cl\/apumanque\/wp-json\/wp\/v2\/comments?post=8808"}],"version-history":[{"count":3,"href":"http:\/\/colegioapumanque.cl\/apumanque\/wp-json\/wp\/v2\/posts\/8808\/revisions"}],"predecessor-version":[{"id":8811,"href":"http:\/\/colegioapumanque.cl\/apumanque\/wp-json\/wp\/v2\/posts\/8808\/revisions\/8811"}],"wp:featuredmedia":[{"embeddable":true,"href":"http:\/\/colegioapumanque.cl\/apumanque\/wp-json\/wp\/v2\/media\/7827"}],"wp:attachment":[{"href":"http:\/\/colegioapumanque.cl\/apumanque\/wp-json\/wp\/v2\/media?parent=8808"}],"wp:term":[{"taxonomy":"category","embeddable":true,"href":"http:\/\/colegioapumanque.cl\/apumanque\/wp-json\/wp\/v2\/categories?post=8808"},{"taxonomy":"post_tag","embeddable":true,"href":"http:\/\/colegioapumanque.cl\/apumanque\/wp-json\/wp\/v2\/tags?post=8808"}],"curies":[{"name":"wp","href":"https:\/\/api.w.org\/{rel}","templated":true}]}}