{"id":8812,"date":"2023-03-03T20:51:12","date_gmt":"2023-03-03T20:51:12","guid":{"rendered":"https:\/\/colegioapumanque.cl\/apumanque\/?p=8812"},"modified":"2023-03-15T14:28:29","modified_gmt":"2023-03-15T14:28:29","slug":"bienvenidos","status":"publish","type":"post","link":"http:\/\/colegioapumanque.cl\/apumanque\/bienvenidos\/","title":{"rendered":"\u00a1BIENVENIDOS!"},"content":{"rendered":"<p><em>El comienzo de una nueva etapa escolar, nuevos aprendizajes y oportunidad de crecimiento.<\/em><\/p>\n<p>Y lleg\u00f3 el d\u00eda, este viernes 3 de marzo se concret\u00f3 el regreso de toda la comunidad Apumanque. Nos reencontramos profesores, alumnos, asistentes, auxiliares, administrativos y todo el personal que ser\u00e1 parte de este nuevo proceso 2023.<\/p>\n<p>Un d\u00eda de emociones sin duda, muchos padres felices y acongojados dejando a sus peque\u00f1os, alegr\u00eda de amistades que se re\u00fanen despu\u00e9s de dos meses, sorpresa por las nuevas y nuevos compa\u00f1eros, pero tambi\u00e9n las sensaciones de volver a un proceso escolar m\u00e1s tradicional luego de tres a\u00f1os con interrupciones y formatos at\u00edpicos por causa de la pandemia.<\/p>\n<p>Los primeros en decir presente fueron los mayores, nuestros alumnos de media y posteriormente los de b\u00e1sica, quienes escucharon atentos las palabras del director, Jorge Alfaro. En sus discursos hizo un llamado a retomar las normas del reglamento y seguir el sendero de excelencia.<\/p>\n<p>\u201cComo Colegio nos hemos preparado, profesores y asistentes, para recibirlos e iniciar un a\u00f1o distinto. Ven\u00edan de un periodo extra\u00f1o, 2020 pandemia, ustedes en casa; 2021 pandemia, la mitad en casa, luego presencial pero ven\u00eda solo un grupo de estudiantes y luego otro grupo; a\u00f1o 2022, el que ya despedimos, a\u00f1o de marcha blanca, de acomodo para ustedes y para nosotros; a\u00f1o 2023 distinto, un a\u00f1o que debe ser m\u00e1s parecido al 2019 (\u2026) Con pandemia, sin pandemia, este colegio siempre se ha rankeado muy bien, comparativamente con sus pares, siempre aparece en los primeros lugares de la regi\u00f3n. Los invito a aprovechar eso\u201d.<\/p>\n<p>En paralelo, los m\u00e1s chiquititos de k\u00ednder y prek\u00ednder eran recibidos afectuosamente por las t\u00edas en sus respectivas salas, quienes se presentaron ante sus padres y apoderados, entregando, tambi\u00e9n, informaci\u00f3n crucial como los horarios de adaptaci\u00f3n.<\/p>\n<p>Una hermosa jornada que esperamos se traduzca en un excelente periodo 2023 para todos, \u00a1\u00e9xito!<\/p>\n<p><strong>AS\u00cd VIVIMOS EL RETORNO A CLASES<\/strong><\/p>\n<div id='gallery-1' class='gallery galleryid-8812 gallery-columns-3 gallery-size-thumbnail'><figure class='gallery-item'>\n\t\t\t<div class='gallery-icon landscape'>\n\t\t\t\t<a href='http:\/\/colegioapumanque.cl\/apumanque\/bienvenidos\/image00011-2\/'><img width=\"150\" height=\"150\" src=\"http:\/\/colegioapumanque.cl\/apumanque\/wp-content\/uploads\/2023\/03\/image00011-1-150x150.jpeg\" class=\"attachment-thumbnail size-thumbnail\" alt=\"\" decoding=\"async\" loading=\"lazy\" \/><\/a>\n\t\t\t<\/div><\/figure><figure class='gallery-item'>\n\t\t\t<div class='gallery-icon portrait'>\n\t\t\t\t<a href='http:\/\/colegioapumanque.cl\/apumanque\/bienvenidos\/image00017\/'><img width=\"150\" height=\"150\" src=\"http:\/\/colegioapumanque.cl\/apumanque\/wp-content\/uploads\/2023\/03\/image00017-scaled-e1677876495233-150x150.jpeg\" class=\"attachment-thumbnail size-thumbnail\" alt=\"\" decoding=\"async\" loading=\"lazy\" \/><\/a>\n\t\t\t<\/div><\/figure><figure class='gallery-item'>\n\t\t\t<div class='gallery-icon landscape'>\n\t\t\t\t<a href='http:\/\/colegioapumanque.cl\/apumanque\/bienvenidos\/image00003\/'><img width=\"150\" height=\"150\" src=\"http:\/\/colegioapumanque.cl\/apumanque\/wp-content\/uploads\/2023\/03\/image00003-150x150.jpeg\" class=\"attachment-thumbnail size-thumbnail\" alt=\"\" decoding=\"async\" loading=\"lazy\" \/><\/a>\n\t\t\t<\/div><\/figure><figure class='gallery-item'>\n\t\t\t<div class='gallery-icon portrait'>\n\t\t\t\t<a href='http:\/\/colegioapumanque.cl\/apumanque\/bienvenidos\/image00001\/'><img width=\"150\" height=\"150\" src=\"http:\/\/colegioapumanque.cl\/apumanque\/wp-content\/uploads\/2023\/03\/image00001-scaled-e1677876265358-150x150.jpeg\" class=\"attachment-thumbnail size-thumbnail\" alt=\"\" decoding=\"async\" loading=\"lazy\" \/><\/a>\n\t\t\t<\/div><\/figure><figure class='gallery-item'>\n\t\t\t<div class='gallery-icon portrait'>\n\t\t\t\t<a href='http:\/\/colegioapumanque.cl\/apumanque\/bienvenidos\/image00002\/'><img width=\"150\" height=\"150\" src=\"http:\/\/colegioapumanque.cl\/apumanque\/wp-content\/uploads\/2023\/03\/image00002-scaled-e1677876293625-150x150.jpeg\" class=\"attachment-thumbnail size-thumbnail\" alt=\"\" decoding=\"async\" loading=\"lazy\" \/><\/a>\n\t\t\t<\/div><\/figure><figure class='gallery-item'>\n\t\t\t<div class='gallery-icon portrait'>\n\t\t\t\t<a href='http:\/\/colegioapumanque.cl\/apumanque\/bienvenidos\/image00010\/'><img width=\"150\" height=\"150\" src=\"http:\/\/colegioapumanque.cl\/apumanque\/wp-content\/uploads\/2023\/03\/image00010-scaled-e1677876399841-150x150.jpeg\" class=\"attachment-thumbnail size-thumbnail\" alt=\"\" decoding=\"async\" loading=\"lazy\" \/><\/a>\n\t\t\t<\/div><\/figure><figure class='gallery-item'>\n\t\t\t<div class='gallery-icon landscape'>\n\t\t\t\t<a href='http:\/\/colegioapumanque.cl\/apumanque\/bienvenidos\/image00013\/'><img width=\"150\" height=\"150\" src=\"http:\/\/colegioapumanque.cl\/apumanque\/wp-content\/uploads\/2023\/03\/image00013-150x150.jpeg\" class=\"attachment-thumbnail size-thumbnail\" alt=\"\" decoding=\"async\" loading=\"lazy\" \/><\/a>\n\t\t\t<\/div><\/figure><figure class='gallery-item'>\n\t\t\t<div class='gallery-icon portrait'>\n\t\t\t\t<a href='http:\/\/colegioapumanque.cl\/apumanque\/bienvenidos\/image00004\/'><img width=\"150\" height=\"150\" src=\"http:\/\/colegioapumanque.cl\/apumanque\/wp-content\/uploads\/2023\/03\/image00004-scaled-e1677876336779-150x150.jpeg\" class=\"attachment-thumbnail size-thumbnail\" alt=\"\" decoding=\"async\" loading=\"lazy\" \/><\/a>\n\t\t\t<\/div><\/figure><figure class='gallery-item'>\n\t\t\t<div class='gallery-icon portrait'>\n\t\t\t\t<a href='http:\/\/colegioapumanque.cl\/apumanque\/bienvenidos\/image00006\/'><img width=\"150\" height=\"150\" src=\"http:\/\/colegioapumanque.cl\/apumanque\/wp-content\/uploads\/2023\/03\/image00006-scaled-e1677876357875-150x150.jpeg\" class=\"attachment-thumbnail size-thumbnail\" alt=\"\" decoding=\"async\" loading=\"lazy\" \/><\/a>\n\t\t\t<\/div><\/figure><figure class='gallery-item'>\n\t\t\t<div class='gallery-icon portrait'>\n\t\t\t\t<a href='http:\/\/colegioapumanque.cl\/apumanque\/bienvenidos\/image00016\/'><img width=\"150\" height=\"150\" src=\"http:\/\/colegioapumanque.cl\/apumanque\/wp-content\/uploads\/2023\/03\/image00016-scaled-e1677876470726-150x150.jpeg\" class=\"attachment-thumbnail size-thumbnail\" alt=\"\" decoding=\"async\" loading=\"lazy\" \/><\/a>\n\t\t\t<\/div><\/figure><figure class='gallery-item'>\n\t\t\t<div class='gallery-icon portrait'>\n\t\t\t\t<a href='http:\/\/colegioapumanque.cl\/apumanque\/bienvenidos\/image00008\/'><img width=\"150\" height=\"150\" src=\"http:\/\/colegioapumanque.cl\/apumanque\/wp-content\/uploads\/2023\/03\/image00008-scaled-e1677876376921-150x150.jpeg\" class=\"attachment-thumbnail size-thumbnail\" alt=\"\" decoding=\"async\" loading=\"lazy\" \/><\/a>\n\t\t\t<\/div><\/figure><figure class='gallery-item'>\n\t\t\t<div class='gallery-icon landscape'>\n\t\t\t\t<a href='http:\/\/colegioapumanque.cl\/apumanque\/bienvenidos\/image00009\/'><img width=\"150\" height=\"150\" src=\"http:\/\/colegioapumanque.cl\/apumanque\/wp-content\/uploads\/2023\/03\/image00009-150x150.jpeg\" class=\"attachment-thumbnail size-thumbnail\" alt=\"\" decoding=\"async\" loading=\"lazy\" \/><\/a>\n\t\t\t<\/div><\/figure><figure class='gallery-item'>\n\t\t\t<div class='gallery-icon landscape'>\n\t\t\t\t<a href='http:\/\/colegioapumanque.cl\/apumanque\/bienvenidos\/image00007\/'><img width=\"150\" height=\"150\" src=\"http:\/\/colegioapumanque.cl\/apumanque\/wp-content\/uploads\/2023\/03\/image00007-150x150.jpeg\" class=\"attachment-thumbnail size-thumbnail\" alt=\"\" decoding=\"async\" loading=\"lazy\" \/><\/a>\n\t\t\t<\/div><\/figure><figure class='gallery-item'>\n\t\t\t<div class='gallery-icon portrait'>\n\t\t\t\t<a href='http:\/\/colegioapumanque.cl\/apumanque\/bienvenidos\/image00014\/'><img width=\"150\" height=\"150\" src=\"http:\/\/colegioapumanque.cl\/apumanque\/wp-content\/uploads\/2023\/03\/image00014-scaled-e1677876425497-150x150.jpeg\" class=\"attachment-thumbnail size-thumbnail\" alt=\"\" decoding=\"async\" loading=\"lazy\" \/><\/a>\n\t\t\t<\/div><\/figure><figure class='gallery-item'>\n\t\t\t<div class='gallery-icon landscape'>\n\t\t\t\t<a href='http:\/\/colegioapumanque.cl\/apumanque\/bienvenidos\/image00012\/'><img width=\"150\" height=\"150\" src=\"http:\/\/colegioapumanque.cl\/apumanque\/wp-content\/uploads\/2023\/03\/image00012-150x150.jpeg\" class=\"attachment-thumbnail size-thumbnail\" alt=\"\" decoding=\"async\" loading=\"lazy\" \/><\/a>\n\t\t\t<\/div><\/figure>\n\t\t<\/div>\n\n","protected":false},"excerpt":{"rendered":"<p>El comienzo de una nueva etapa escolar, nuevos aprendizajes y oportunidad de crecimiento.<br \/>\nY lleg\u00f3 el d\u00eda, este viernes 3 de marzo se concret\u00f3 el regreso de toda la comunidad Apumanque. Nos reencontramos profesores, alumnos, asistentes, auxiliares, administrativos y todo <\/p>\n","protected":false},"author":1,"featured_media":8814,"comment_status":"closed","ping_status":"closed","sticky":false,"template":"","format":"standard","meta":[],"categories":[96],"tags":[],"_links":{"self":[{"href":"http:\/\/colegioapumanque.cl\/apumanque\/wp-json\/wp\/v2\/posts\/8812"}],"collection":[{"href":"http:\/\/colegioapumanque.cl\/apumanque\/wp-json\/wp\/v2\/posts"}],"about":[{"href":"http:\/\/colegioapumanque.cl\/apumanque\/wp-json\/wp\/v2\/types\/post"}],"author":[{"embeddable":true,"href":"http:\/\/colegioapumanque.cl\/apumanque\/wp-json\/wp\/v2\/users\/1"}],"replies":[{"embeddable":true,"href":"http:\/\/colegioapumanque.cl\/apumanque\/wp-json\/wp\/v2\/comments?post=8812"}],"version-history":[{"count":1,"href":"http:\/\/colegioapumanque.cl\/apumanque\/wp-json\/wp\/v2\/posts\/8812\/revisions"}],"predecessor-version":[{"id":8832,"href":"http:\/\/colegioapumanque.cl\/apumanque\/wp-json\/wp\/v2\/posts\/8812\/revisions\/8832"}],"wp:featuredmedia":[{"embeddable":true,"href":"http:\/\/colegioapumanque.cl\/apumanque\/wp-json\/wp\/v2\/media\/8814"}],"wp:attachment":[{"href":"http:\/\/colegioapumanque.cl\/apumanque\/wp-json\/wp\/v2\/media?parent=8812"}],"wp:term":[{"taxonomy":"category","embeddable":true,"href":"http:\/\/colegioapumanque.cl\/apumanque\/wp-json\/wp\/v2\/categories?post=8812"},{"taxonomy":"post_tag","embeddable":true,"href":"http:\/\/colegioapumanque.cl\/apumanque\/wp-json\/wp\/v2\/tags?post=8812"}],"curies":[{"name":"wp","href":"https:\/\/api.w.org\/{rel}","templated":true}]}}