{"id":8836,"date":"2023-04-06T19:30:21","date_gmt":"2023-04-06T19:30:21","guid":{"rendered":"https:\/\/colegioapumanque.cl\/apumanque\/?p=8836"},"modified":"2023-04-06T19:30:21","modified_gmt":"2023-04-06T19:30:21","slug":"dia-del-deporte-detalles-las-corridas","status":"publish","type":"post","link":"http:\/\/colegioapumanque.cl\/apumanque\/dia-del-deporte-detalles-las-corridas\/","title":{"rendered":"D\u00cdA DEL DEPORTE: DETALLES DE LAS CORRIDAS"},"content":{"rendered":"<p>Estimado Sr Apoderado: junto con saludar, le informo que la Corporaci\u00f3n Educacional Apumanque en el marco de la celebraci\u00f3n del D\u00eda Internacional de la Actividad F\u00edsica y Salud, desea promover la vida saludable a trav\u00e9s de una corrida (Corre por tu Salud). Esta instancia<br \/>\nse realizar\u00e1 el d\u00eda viernes 14 de abril del 2023, convocando la participaci\u00f3n de estudiantes de Educaci\u00f3n Parvularia, Ense\u00f1anza B\u00e1sica, Educaci\u00f3n Media, Profesores y Asistentes de la Educaci\u00f3n.<\/p>\n<p>La actividad tiene por objetivos:<\/p>\n<ol>\n<li>Promocionar la actividad f\u00edsica en nuestra comuna<\/li>\n<li>Promover la vida saludable.<\/li>\n<li>Incentivar a la comunidad calerana a realizar actividad f\u00edsica para mejorar su salud.<\/li>\n<\/ol>\n<p>Los invitamos a ser espectadores en la participaci\u00f3n de los estudiantes, adjuntamos horarios de<br \/>\nparticipaci\u00f3n corrida:<\/p>\n<p><img decoding=\"async\" loading=\"lazy\" class=\"aligncenter size-large wp-image-8838\" src=\"http:\/\/colegioapumanque.cl\/apumanque\/wp-content\/uploads\/2023\/04\/Sin-titulo.jpg\" alt=\"\" width=\"609\" height=\"703\" srcset=\"http:\/\/colegioapumanque.cl\/apumanque\/wp-content\/uploads\/2023\/04\/Sin-titulo.jpg 609w, http:\/\/colegioapumanque.cl\/apumanque\/wp-content\/uploads\/2023\/04\/Sin-titulo-260x300.jpg 260w, http:\/\/colegioapumanque.cl\/apumanque\/wp-content\/uploads\/2023\/04\/Sin-titulo-75x87.jpg 75w\" sizes=\"(max-width: 609px) 100vw, 609px\" \/><\/p>\n<p>&nbsp;<\/p>\n<p>&nbsp;<\/p>\n<p>Para este evento cada estudiante debe entregar obligatoriamente la siguiente autorizaci\u00f3n al<br \/>\nprofesor jefe hasta el d\u00eda\u00a0 Lunes de 10 de Abril.<\/p>\n<p>DESCARGAR:<\/p>\n<p><a href=\"http:\/\/colegioapumanque.cl\/apumanque\/wp-content\/uploads\/2023\/04\/AUTORIZACION-corrida.docx\">AUTORIZACI\u00d3N corrida<\/a><\/p>\n<p>&nbsp;<\/p>\n","protected":false},"excerpt":{"rendered":"<p>Estimado Sr Apoderado: junto con saludar, le informo que la Corporaci\u00f3n Educacional Apumanque en el marco de la celebraci\u00f3n del D\u00eda Internacional de la Actividad F\u00edsica y Salud, desea promover la vida saludable a trav\u00e9s de una corrida (Corre por <\/p>\n","protected":false},"author":1,"featured_media":8837,"comment_status":"closed","ping_status":"closed","sticky":false,"template":"","format":"standard","meta":[],"categories":[96],"tags":[],"_links":{"self":[{"href":"http:\/\/colegioapumanque.cl\/apumanque\/wp-json\/wp\/v2\/posts\/8836"}],"collection":[{"href":"http:\/\/colegioapumanque.cl\/apumanque\/wp-json\/wp\/v2\/posts"}],"about":[{"href":"http:\/\/colegioapumanque.cl\/apumanque\/wp-json\/wp\/v2\/types\/post"}],"author":[{"embeddable":true,"href":"http:\/\/colegioapumanque.cl\/apumanque\/wp-json\/wp\/v2\/users\/1"}],"replies":[{"embeddable":true,"href":"http:\/\/colegioapumanque.cl\/apumanque\/wp-json\/wp\/v2\/comments?post=8836"}],"version-history":[{"count":1,"href":"http:\/\/colegioapumanque.cl\/apumanque\/wp-json\/wp\/v2\/posts\/8836\/revisions"}],"predecessor-version":[{"id":8840,"href":"http:\/\/colegioapumanque.cl\/apumanque\/wp-json\/wp\/v2\/posts\/8836\/revisions\/8840"}],"wp:featuredmedia":[{"embeddable":true,"href":"http:\/\/colegioapumanque.cl\/apumanque\/wp-json\/wp\/v2\/media\/8837"}],"wp:attachment":[{"href":"http:\/\/colegioapumanque.cl\/apumanque\/wp-json\/wp\/v2\/media?parent=8836"}],"wp:term":[{"taxonomy":"category","embeddable":true,"href":"http:\/\/colegioapumanque.cl\/apumanque\/wp-json\/wp\/v2\/categories?post=8836"},{"taxonomy":"post_tag","embeddable":true,"href":"http:\/\/colegioapumanque.cl\/apumanque\/wp-json\/wp\/v2\/tags?post=8836"}],"curies":[{"name":"wp","href":"https:\/\/api.w.org\/{rel}","templated":true}]}}