{"id":8841,"date":"2023-04-17T14:03:11","date_gmt":"2023-04-17T14:03:11","guid":{"rendered":"https:\/\/colegioapumanque.cl\/apumanque\/?p=8841"},"modified":"2023-04-17T14:06:06","modified_gmt":"2023-04-17T14:06:06","slug":"tenemos-nuevo-centro-estudiantes","status":"publish","type":"post","link":"http:\/\/colegioapumanque.cl\/apumanque\/tenemos-nuevo-centro-estudiantes\/","title":{"rendered":"Tenemos nuevo Centro de Estudiantes"},"content":{"rendered":"<p>En un clima marcado por la colaboraci\u00f3n, el respeto mutuo y la conciencia de participaci\u00f3n, el pasado martes 11 abril del presente a\u00f1o, entre las 09.30 y las 14.00 horas, se desarrollaron las elecciones para la nueva directiva del Centro de Estudiantes de nuestro Colegio.<\/p>\n<p>En esta oportunidad solo se present\u00f3 una lista de postulantes, la cual, tal como indican las disposiciones legales deb\u00eda ser ratificada por sus pares. En la instancia votaron los estudiantes de 5\u00b0 A\u00f1o de Ense\u00f1anza B\u00e1sica a 4\u00b0 A\u00f1o de Ense\u00f1anza Media, participando un total de 605 estudiantes de un universo electoral de 647.<\/p>\n<p>La junta electoral inici\u00f3 el conteo de votos, espacio que cont\u00f3 con la presencia de estudiantes y docentes que expresaron su disposici\u00f3n a asistir.<\/p>\n<p>El detalle de los resultados del escrutinio fue el siguiente:<\/p>\n<table>\n<tbody>\n<tr>\n<td width=\"224\">Universo electoral<\/td>\n<td width=\"106\">647<\/td>\n<\/tr>\n<tr>\n<td width=\"224\">Votos emitidos<\/td>\n<td width=\"106\">605<\/td>\n<\/tr>\n<tr>\n<td width=\"224\">Votos blancos<\/td>\n<td width=\"106\">0<\/td>\n<\/tr>\n<tr>\n<td width=\"224\">Votos nulos<\/td>\n<td width=\"106\">6<\/td>\n<\/tr>\n<tr>\n<td width=\"224\">Votos opci\u00f3n SI<\/td>\n<td width=\"106\">447<\/td>\n<\/tr>\n<tr>\n<td width=\"224\">Votos opci\u00f3n NO<\/td>\n<td width=\"106\">152<\/td>\n<\/tr>\n<\/tbody>\n<\/table>\n<p>En consecuencia, contando con el apoyo del 73,88% de las preferencias, el actual Centro de Estudiantes del Colegio Apumanque, para el periodo 2023, qued\u00f3 constituido:<\/p>\n<p>1.Maytte \u00d3rdenes \/ Presidenta \/ 4MN<\/p>\n<p>2.Silvio Fuertes \/ Vicepresidente \/ 1MN<\/p>\n<p>3.Carlos Ovando \/ Secretario \/ 3MN<\/p>\n<p>4.Nadia Silva \/ Secretaria Ejecutiva \/ 3MM<\/p>\n<p>5.Leonor Rold\u00e1n \/ Tesorera \/ 4M<\/p>\n<p>Expresamos nuestras felicitaciones a este grupo de estudiantes y les deseamos una exitosa gesti\u00f3n en pro de sus pares.<\/p>\n<p><strong>AS\u00cd LO VIVIMOS<\/strong><\/p>\n<div id='gallery-1' class='gallery galleryid-8841 gallery-columns-3 gallery-size-thumbnail'><figure class='gallery-item'>\n\t\t\t<div class='gallery-icon landscape'>\n\t\t\t\t<a href='http:\/\/colegioapumanque.cl\/apumanque\/tenemos-nuevo-centro-estudiantes\/elecciones-centro-de-estudiantes-1\/'><img width=\"150\" height=\"150\" src=\"http:\/\/colegioapumanque.cl\/apumanque\/wp-content\/uploads\/2023\/04\/Elecciones-centro-de-estudiantes-1-150x150.jpg\" class=\"attachment-thumbnail size-thumbnail\" alt=\"\" decoding=\"async\" loading=\"lazy\" \/><\/a>\n\t\t\t<\/div><\/figure><figure class='gallery-item'>\n\t\t\t<div class='gallery-icon portrait'>\n\t\t\t\t<a href='http:\/\/colegioapumanque.cl\/apumanque\/tenemos-nuevo-centro-estudiantes\/elecciones-centro-de-estudiantes-2\/'><img width=\"150\" height=\"150\" src=\"http:\/\/colegioapumanque.cl\/apumanque\/wp-content\/uploads\/2023\/04\/Elecciones-centro-de-estudiantes-2-150x150.jpg\" class=\"attachment-thumbnail size-thumbnail\" alt=\"\" decoding=\"async\" loading=\"lazy\" \/><\/a>\n\t\t\t<\/div><\/figure><figure class='gallery-item'>\n\t\t\t<div class='gallery-icon landscape'>\n\t\t\t\t<a href='http:\/\/colegioapumanque.cl\/apumanque\/tenemos-nuevo-centro-estudiantes\/elecciones-centro-de-estudiantes-3\/'><img width=\"150\" height=\"150\" src=\"http:\/\/colegioapumanque.cl\/apumanque\/wp-content\/uploads\/2023\/04\/Elecciones-centro-de-estudiantes-3-150x150.jpg\" class=\"attachment-thumbnail size-thumbnail\" alt=\"\" decoding=\"async\" loading=\"lazy\" \/><\/a>\n\t\t\t<\/div><\/figure><figure class='gallery-item'>\n\t\t\t<div class='gallery-icon landscape'>\n\t\t\t\t<a href='http:\/\/colegioapumanque.cl\/apumanque\/tenemos-nuevo-centro-estudiantes\/elecciones-centro-de-estudiantes-4\/'><img width=\"150\" height=\"150\" src=\"http:\/\/colegioapumanque.cl\/apumanque\/wp-content\/uploads\/2023\/04\/Elecciones-centro-de-estudiantes-4-150x150.jpg\" class=\"attachment-thumbnail size-thumbnail\" alt=\"\" decoding=\"async\" loading=\"lazy\" \/><\/a>\n\t\t\t<\/div><\/figure><figure class='gallery-item'>\n\t\t\t<div class='gallery-icon landscape'>\n\t\t\t\t<a href='http:\/\/colegioapumanque.cl\/apumanque\/tenemos-nuevo-centro-estudiantes\/elecciones-centro-de-estudiantes-5\/'><img width=\"150\" height=\"150\" src=\"http:\/\/colegioapumanque.cl\/apumanque\/wp-content\/uploads\/2023\/04\/Elecciones-centro-de-estudiantes-5-150x150.jpg\" class=\"attachment-thumbnail size-thumbnail\" alt=\"\" decoding=\"async\" loading=\"lazy\" \/><\/a>\n\t\t\t<\/div><\/figure><figure class='gallery-item'>\n\t\t\t<div class='gallery-icon landscape'>\n\t\t\t\t<a href='http:\/\/colegioapumanque.cl\/apumanque\/tenemos-nuevo-centro-estudiantes\/elecciones-centro-de-estudiantes-6\/'><img width=\"150\" height=\"150\" src=\"http:\/\/colegioapumanque.cl\/apumanque\/wp-content\/uploads\/2023\/04\/Elecciones-centro-de-estudiantes-6-150x150.jpg\" class=\"attachment-thumbnail size-thumbnail\" alt=\"\" decoding=\"async\" loading=\"lazy\" \/><\/a>\n\t\t\t<\/div><\/figure><figure class='gallery-item'>\n\t\t\t<div class='gallery-icon landscape'>\n\t\t\t\t<a href='http:\/\/colegioapumanque.cl\/apumanque\/tenemos-nuevo-centro-estudiantes\/elecciones-centro-de-estudiantes-7\/'><img width=\"150\" height=\"150\" src=\"http:\/\/colegioapumanque.cl\/apumanque\/wp-content\/uploads\/2023\/04\/Elecciones-centro-de-estudiantes-7-150x150.jpg\" class=\"attachment-thumbnail size-thumbnail\" alt=\"\" decoding=\"async\" loading=\"lazy\" \/><\/a>\n\t\t\t<\/div><\/figure><figure class='gallery-item'>\n\t\t\t<div class='gallery-icon portrait'>\n\t\t\t\t<a href='http:\/\/colegioapumanque.cl\/apumanque\/tenemos-nuevo-centro-estudiantes\/elecciones-centro-de-estudiantes-8\/'><img width=\"150\" height=\"150\" src=\"http:\/\/colegioapumanque.cl\/apumanque\/wp-content\/uploads\/2023\/04\/Elecciones-centro-de-estudiantes-8-150x150.jpg\" class=\"attachment-thumbnail size-thumbnail\" alt=\"\" decoding=\"async\" loading=\"lazy\" \/><\/a>\n\t\t\t<\/div><\/figure>\n\t\t<\/div>\n\n","protected":false},"excerpt":{"rendered":"<p>En un clima marcado por la colaboraci\u00f3n, el respeto mutuo y la conciencia de participaci\u00f3n, el pasado martes 11 abril del presente a\u00f1o, entre las 09.30 y las 14.00 horas, se desarrollaron las elecciones para la nueva directiva del Centro <\/p>\n","protected":false},"author":1,"featured_media":8847,"comment_status":"closed","ping_status":"closed","sticky":false,"template":"","format":"standard","meta":[],"categories":[96],"tags":[],"_links":{"self":[{"href":"http:\/\/colegioapumanque.cl\/apumanque\/wp-json\/wp\/v2\/posts\/8841"}],"collection":[{"href":"http:\/\/colegioapumanque.cl\/apumanque\/wp-json\/wp\/v2\/posts"}],"about":[{"href":"http:\/\/colegioapumanque.cl\/apumanque\/wp-json\/wp\/v2\/types\/post"}],"author":[{"embeddable":true,"href":"http:\/\/colegioapumanque.cl\/apumanque\/wp-json\/wp\/v2\/users\/1"}],"replies":[{"embeddable":true,"href":"http:\/\/colegioapumanque.cl\/apumanque\/wp-json\/wp\/v2\/comments?post=8841"}],"version-history":[{"count":2,"href":"http:\/\/colegioapumanque.cl\/apumanque\/wp-json\/wp\/v2\/posts\/8841\/revisions"}],"predecessor-version":[{"id":8852,"href":"http:\/\/colegioapumanque.cl\/apumanque\/wp-json\/wp\/v2\/posts\/8841\/revisions\/8852"}],"wp:featuredmedia":[{"embeddable":true,"href":"http:\/\/colegioapumanque.cl\/apumanque\/wp-json\/wp\/v2\/media\/8847"}],"wp:attachment":[{"href":"http:\/\/colegioapumanque.cl\/apumanque\/wp-json\/wp\/v2\/media?parent=8841"}],"wp:term":[{"taxonomy":"category","embeddable":true,"href":"http:\/\/colegioapumanque.cl\/apumanque\/wp-json\/wp\/v2\/categories?post=8841"},{"taxonomy":"post_tag","embeddable":true,"href":"http:\/\/colegioapumanque.cl\/apumanque\/wp-json\/wp\/v2\/tags?post=8841"}],"curies":[{"name":"wp","href":"https:\/\/api.w.org\/{rel}","templated":true}]}}