{"id":9058,"date":"2023-08-03T20:58:50","date_gmt":"2023-08-03T20:58:50","guid":{"rendered":"https:\/\/colegioapumanque.cl\/apumanque\/?p=9058"},"modified":"2023-08-04T15:11:45","modified_gmt":"2023-08-04T15:11:45","slug":"celebremos-dia-la-ninez","status":"publish","type":"post","link":"http:\/\/colegioapumanque.cl\/apumanque\/celebremos-dia-la-ninez\/","title":{"rendered":"CELEBREMOS EL \u00abD\u00cdA DE LA NI\u00d1EZ\u00bb"},"content":{"rendered":"<p>Estimados(as) Profesores y Profesoras, junto con saludar, les informo que este d\u00eda viernes 4 de agosto de 2023, el Centro General de Padres y Apoderados ha organizado actividades para celebrar el \u201cD\u00eda del Ni\u00f1ez\u201d. En este sentido es importante considerar lo siguiente:<\/p>\n<p>1.- El horario de entrada y salida son los acostumbrados.<\/p>\n<p>2.- Durante los dos primeros periodos las clases son normales.<\/p>\n<p>3.- El \u00faltimo periodo de clases se destinar\u00e1 a actividades. Se ha propuesto la primera media hora para una convivencia (si es que el curso lo estima conveniente) y una hora para el desarrollo de la actividad. Si hab\u00eda programado alguna evaluaci\u00f3n para esa hora debe reprogramar.<\/p>\n<p>4.- La vestimenta de los estudiantes puede ser con buzo (no es d\u00eda del jeans).<\/p>\n<p>5.- Horario de Educaci\u00f3n Parvularia (salida) se revisar\u00e1 junto a Coordinaci\u00f3n de Ciclo, el que se informar\u00e1 de manera pertinente. Hay cambio de jornada de los cursos de la tarde para la ma\u00f1ana.<\/p>\n<p>6.- Las actividades extra-program\u00e1ticas de la tarde (apoyos pedag\u00f3gicos, preuniversitario, GEA y talleres) funcionar\u00e1n con normalidad.<\/p>\n<p>A continuaci\u00f3n, se presenta la programaci\u00f3n:<\/p>\n<p><img decoding=\"async\" loading=\"lazy\" class=\"aligncenter size-full wp-image-9059\" src=\"http:\/\/colegioapumanque.cl\/apumanque\/wp-content\/uploads\/2023\/08\/DIA-DE-LA-NINEZ-ACTIVIDADES.jpg\" alt=\"\" width=\"581\" height=\"132\" srcset=\"http:\/\/colegioapumanque.cl\/apumanque\/wp-content\/uploads\/2023\/08\/DIA-DE-LA-NINEZ-ACTIVIDADES.jpg 581w, http:\/\/colegioapumanque.cl\/apumanque\/wp-content\/uploads\/2023\/08\/DIA-DE-LA-NINEZ-ACTIVIDADES-300x68.jpg 300w, http:\/\/colegioapumanque.cl\/apumanque\/wp-content\/uploads\/2023\/08\/DIA-DE-LA-NINEZ-ACTIVIDADES-75x17.jpg 75w\" sizes=\"(max-width: 581px) 100vw, 581px\" \/><\/p>\n<p>Saludos cordiales&#8230;<\/p>\n<p style=\"font-weight: 400;\"><strong>Jorge Alfaro Mart\u00ednez<\/strong><\/p>\n<p style=\"font-weight: 400;\"><strong>Director<\/strong><\/p>\n","protected":false},"excerpt":{"rendered":"<p>Estimados(as) Profesores y Profesoras, junto con saludar, les informo que este d\u00eda viernes 4 de agosto de 2023, el Centro General de Padres y Apoderados ha organizado actividades para celebrar el \u201cD\u00eda del Ni\u00f1ez\u201d. En este sentido es importante considerar <\/p>\n","protected":false},"author":1,"featured_media":9063,"comment_status":"closed","ping_status":"closed","sticky":false,"template":"","format":"standard","meta":[],"categories":[96],"tags":[],"_links":{"self":[{"href":"http:\/\/colegioapumanque.cl\/apumanque\/wp-json\/wp\/v2\/posts\/9058"}],"collection":[{"href":"http:\/\/colegioapumanque.cl\/apumanque\/wp-json\/wp\/v2\/posts"}],"about":[{"href":"http:\/\/colegioapumanque.cl\/apumanque\/wp-json\/wp\/v2\/types\/post"}],"author":[{"embeddable":true,"href":"http:\/\/colegioapumanque.cl\/apumanque\/wp-json\/wp\/v2\/users\/1"}],"replies":[{"embeddable":true,"href":"http:\/\/colegioapumanque.cl\/apumanque\/wp-json\/wp\/v2\/comments?post=9058"}],"version-history":[{"count":3,"href":"http:\/\/colegioapumanque.cl\/apumanque\/wp-json\/wp\/v2\/posts\/9058\/revisions"}],"predecessor-version":[{"id":9065,"href":"http:\/\/colegioapumanque.cl\/apumanque\/wp-json\/wp\/v2\/posts\/9058\/revisions\/9065"}],"wp:featuredmedia":[{"embeddable":true,"href":"http:\/\/colegioapumanque.cl\/apumanque\/wp-json\/wp\/v2\/media\/9063"}],"wp:attachment":[{"href":"http:\/\/colegioapumanque.cl\/apumanque\/wp-json\/wp\/v2\/media?parent=9058"}],"wp:term":[{"taxonomy":"category","embeddable":true,"href":"http:\/\/colegioapumanque.cl\/apumanque\/wp-json\/wp\/v2\/categories?post=9058"},{"taxonomy":"post_tag","embeddable":true,"href":"http:\/\/colegioapumanque.cl\/apumanque\/wp-json\/wp\/v2\/tags?post=9058"}],"curies":[{"name":"wp","href":"https:\/\/api.w.org\/{rel}","templated":true}]}}