{"id":9527,"date":"2026-04-07T14:32:49","date_gmt":"2026-04-07T14:32:49","guid":{"rendered":"https:\/\/colegioapumanque.cl\/apumanque\/?p=9527"},"modified":"2026-04-07T14:32:56","modified_gmt":"2026-04-07T14:32:56","slug":"concurso-unidos-por-la-buena-convivencia","status":"publish","type":"post","link":"https:\/\/colegioapumanque.cl\/apumanque\/concurso-unidos-por-la-buena-convivencia\/","title":{"rendered":"Concurso: Unidos por la Buena Convivencia"},"content":{"rendered":"<p>Bases Del Concurso \u00abUnidos por la Buena Convivencia\u00bb Corporaci\u00f3n Educacional Apumanque 2026<\/p>\n<p>El Ministerio de Educaci\u00f3n ha definido impulsar abril como el Mes de la Convivencia Educativa con el&nbsp;prop\u00f3sito de visibilizar la relevancia de esta en la trayectoria educativa. El concurso \u00abUnidos por la Buena&nbsp;Convivencia\u00bb es una iniciativa que busca fortalecer los lazos entre las familias y la comunidad educativa,&nbsp;promoviendo valores como el respeto, la empat\u00eda, la solidaridad y la resoluci\u00f3n pac\u00edfica de conflictos.<\/p>\n<div>Invitamos a todas las familias de 1ero a 4to b\u00e1sico a participar creando, en conjunto con sus hijos e hijas, un dibujo&nbsp;creativo que refleje c\u00f3mo viven y promueven&nbsp;la Buena Convivencia en su hogar y en el colegio.<\/div>\n<div>\n<div>El&nbsp;objetivo es compartir experiencias positivas, fomentar la participaci\u00f3n activa de las familias y construir,&nbsp;entre todos, una comunidad escolar m\u00e1s inclusiva, amable y respetuosa.<\/p>\n<\/div>\n<div>Metodolog\u00eda<br \/>\n1. Pueden participar todas las familias y estudiantes desde 1ero a 4to B\u00e1sico de la Corporaci\u00f3n Educacional Apumanque,&nbsp;en la creaci\u00f3n de un dibujo.<\/div>\n<div><\/div>\n<div>2. Los trabajos presentados deben ser originales y no haber sido publicados o premiados en otros&nbsp;concursos.<\/div>\n<div>\n3. Los dibujos deben respetar los siguientes puntos:<br \/>\nT\u00e9cnica: Libre. Los participantes pueden utilizar l\u00e1pices de colores, acuarelas, t\u00e9mperas, acr\u00edlicos,&nbsp;plumones, marcadores, collages, etc. Priorizando la intensidad de los colores.<br \/>\nFormato: El dibujo debe realizarse en una hoja de block medium N\u00b099.<\/div>\n<div>\n4. Plazos y entrega:<br \/>\n\u25cf Fecha de inicio del concurso: Mi\u00e9rcoles 01 de abril 2026<br \/>\n\u25cf Fecha l\u00edmite para la entrega de trabajos: Viernes 24 de abril 2026<br \/>\n\u25cf Fecha de entrega del reconocimiento Mi\u00e9rcoles&nbsp;29 de abril 2026<br \/>\n\u25cf Los trabajos deben ser entregados a su profesor jefe.<\/div>\n<div>\n5. En el reverso de la hoja de block los participantes deben escribir su nombre, apellido, curso y los&nbsp;familiares que participaron.<\/div>\n<div>\n6. Quienes reciben los dibujos deben verificar que los mismos tengan el nombre, apellido y curso&nbsp;del participante.<\/div>\n<div>\n7. Una Comisi\u00f3n Evaluadora, integrada por 3 funcionarios, elegir\u00e1 un dibujo de&nbsp;acuerdo a los siguientes criterios:<br \/>\n\u25cf Creatividad y originalidad.<br \/>\n\u25cf Relaci\u00f3n con la tem\u00e1tica del concurso.<br \/>\n\u25cf T\u00e9cnica y destreza art\u00edstica.<br \/>\n\u25cf Claridad en la representaci\u00f3n de los valores e identidad del colegio.<\/div>\n<div>\n8. Todos los participantes ser\u00e1n reconocidos con un diploma de participaci\u00f3n.<\/div>\n<div>\n9. El reconocimiento ser\u00e1 a 3&nbsp;dibujos que cumplan con los criterios de participaci\u00f3n y \u00e9ste&nbsp;consiste en disfrutar de una tabla de sushi de piezas con entrega a domicilio.<\/div>\n<div><\/div>\n<div>10. La Corporaci\u00f3n Educacional Apumanque se reserva el derecho de utilizar los dibujos ganadores&nbsp;en material promocional para la buena convivencia. La participaci\u00f3n en este concurso implica la aceptaci\u00f3n de todas las bases.<\/div>\n<\/div>\n<div><img decoding=\"async\" loading=\"lazy\" class=\"aligncenter size-large wp-image-9528\" src=\"http:\/\/colegioapumanque.cl\/apumanque\/wp-content\/uploads\/2026\/04\/Afiche-Concurso-convivencia-2026-572x1024.png\" alt=\"\" width=\"572\" height=\"1024\" srcset=\"https:\/\/colegioapumanque.cl\/apumanque\/wp-content\/uploads\/2026\/04\/Afiche-Concurso-convivencia-2026-572x1024.png 572w, https:\/\/colegioapumanque.cl\/apumanque\/wp-content\/uploads\/2026\/04\/Afiche-Concurso-convivencia-2026-167x300.png 167w, https:\/\/colegioapumanque.cl\/apumanque\/wp-content\/uploads\/2026\/04\/Afiche-Concurso-convivencia-2026-50x90.png 50w, https:\/\/colegioapumanque.cl\/apumanque\/wp-content\/uploads\/2026\/04\/Afiche-Concurso-convivencia-2026.png 768w\" sizes=\"(max-width: 572px) 100vw, 572px\" \/><\/div>\n","protected":false},"excerpt":{"rendered":"<p>Bases Del Concurso \u00abUnidos por la Buena Convivencia\u00bb Corporaci\u00f3n Educacional Apumanque 2026<br \/>\nEl Ministerio de Educaci\u00f3n ha definido impulsar abril como el Mes de la Convivencia Educativa con el&nbsp;prop\u00f3sito de visibilizar la relevancia de esta en la trayectoria educativa. El <\/p>\n","protected":false},"author":1,"featured_media":9529,"comment_status":"closed","ping_status":"closed","sticky":false,"template":"","format":"standard","meta":[],"categories":[96],"tags":[],"_links":{"self":[{"href":"https:\/\/colegioapumanque.cl\/apumanque\/wp-json\/wp\/v2\/posts\/9527"}],"collection":[{"href":"https:\/\/colegioapumanque.cl\/apumanque\/wp-json\/wp\/v2\/posts"}],"about":[{"href":"https:\/\/colegioapumanque.cl\/apumanque\/wp-json\/wp\/v2\/types\/post"}],"author":[{"embeddable":true,"href":"https:\/\/colegioapumanque.cl\/apumanque\/wp-json\/wp\/v2\/users\/1"}],"replies":[{"embeddable":true,"href":"https:\/\/colegioapumanque.cl\/apumanque\/wp-json\/wp\/v2\/comments?post=9527"}],"version-history":[{"count":3,"href":"https:\/\/colegioapumanque.cl\/apumanque\/wp-json\/wp\/v2\/posts\/9527\/revisions"}],"predecessor-version":[{"id":9532,"href":"https:\/\/colegioapumanque.cl\/apumanque\/wp-json\/wp\/v2\/posts\/9527\/revisions\/9532"}],"wp:featuredmedia":[{"embeddable":true,"href":"https:\/\/colegioapumanque.cl\/apumanque\/wp-json\/wp\/v2\/media\/9529"}],"wp:attachment":[{"href":"https:\/\/colegioapumanque.cl\/apumanque\/wp-json\/wp\/v2\/media?parent=9527"}],"wp:term":[{"taxonomy":"category","embeddable":true,"href":"https:\/\/colegioapumanque.cl\/apumanque\/wp-json\/wp\/v2\/categories?post=9527"},{"taxonomy":"post_tag","embeddable":true,"href":"https:\/\/colegioapumanque.cl\/apumanque\/wp-json\/wp\/v2\/tags?post=9527"}],"curies":[{"name":"wp","href":"https:\/\/api.w.org\/{rel}","templated":true}]}}